{"id":65050,"date":"2026-09-04T09:45:08","date_gmt":"2026-09-04T07:45:08","guid":{"rendered":"https:\/\/git.lukasiewicz.gov.pl\/lukasiewicz-git-at-weld-tech-2026-welding-technologies-from-research-to-industrial-applications\/"},"modified":"2026-09-04T10:32:06","modified_gmt":"2026-09-04T08:32:06","slug":"lukasiewicz-git-at-weld-tech-2026-welding-technologies-from-research-to-industrial-applications","status":"publish","type":"post","link":"https:\/\/git.lukasiewicz.gov.pl\/en\/lukasiewicz-git-at-weld-tech-2026-welding-technologies-from-research-to-industrial-applications\/","title":{"rendered":"\u0141ukasiewicz \u2013 GIT at WELD TECH 2026: Welding Technologies from Research to Industrial Applications"},"content":{"rendered":"\t\t<div data-elementor-type=\"wp-post\" data-elementor-id=\"65050\" class=\"elementor elementor-65050 elementor-65028\" data-elementor-post-type=\"post\">\n\t\t\t\t\t\t<section class=\"elementor-section elementor-top-section elementor-element elementor-element-c13e53f elementor-section-boxed elementor-section-height-default elementor-section-height-default\" data-id=\"c13e53f\" data-element_type=\"section\" data-e-type=\"section\">\n\t\t\t\t\t\t<div class=\"elementor-container elementor-column-gap-default\">\n\t\t\t\t\t<div class=\"elementor-column elementor-col-100 elementor-top-column elementor-element elementor-element-5489758\" data-id=\"5489758\" data-element_type=\"column\" data-e-type=\"column\" data-settings=\"{&quot;background_background&quot;:&quot;classic&quot;}\">\n\t\t\t<div class=\"elementor-widget-wrap elementor-element-populated\">\n\t\t\t\t\t\t<section class=\"elementor-section elementor-inner-section elementor-element elementor-element-9506e78 elementor-section-boxed elementor-section-height-default elementor-section-height-default\" data-id=\"9506e78\" data-element_type=\"section\" data-e-type=\"section\">\n\t\t\t\t\t\t<div class=\"elementor-container elementor-column-gap-default\">\n\t\t\t\t\t<div class=\"elementor-column elementor-col-50 elementor-inner-column elementor-element elementor-element-39aeaf3\" data-id=\"39aeaf3\" data-element_type=\"column\" data-e-type=\"column\">\n\t\t\t<div class=\"elementor-widget-wrap elementor-element-populated\">\n\t\t\t\t\t\t<div class=\"elementor-element elementor-element-c9899b8 elementor-widget elementor-widget-image\" data-id=\"c9899b8\" data-element_type=\"widget\" data-e-type=\"widget\" data-widget_type=\"image.default\">\n\t\t\t\t<div class=\"elementor-widget-container\">\n\t\t\t\t\t\t\t\t\t\t\t\t\t\t\t<img fetchpriority=\"high\" decoding=\"async\" width=\"580\" height=\"436\" src=\"https:\/\/git.lukasiewicz.gov.pl\/wp-content\/uploads\/sites\/16\/2026\/09\/WeldTech_2026-wejscie_na_targi.webp\" class=\"attachment-large size-large wp-image-65036\" alt=\"The photograph shows a banner featuring the logo and name of the trade fair, positioned above the entrance to WeldTech 2026\" srcset=\"https:\/\/git.lukasiewicz.gov.pl\/wp-content\/uploads\/sites\/16\/2026\/09\/WeldTech_2026-wejscie_na_targi.webp 1000w, https:\/\/git.lukasiewicz.gov.pl\/wp-content\/uploads\/sites\/16\/2026\/09\/WeldTech_2026-wejscie_na_targi-300x225.webp 300w, https:\/\/git.lukasiewicz.gov.pl\/wp-content\/uploads\/sites\/16\/2026\/09\/WeldTech_2026-wejscie_na_targi-768x577.webp 768w, https:\/\/git.lukasiewicz.gov.pl\/wp-content\/uploads\/sites\/16\/2026\/09\/WeldTech_2026-wejscie_na_targi-24x18.webp 24w, https:\/\/git.lukasiewicz.gov.pl\/wp-content\/uploads\/sites\/16\/2026\/09\/WeldTech_2026-wejscie_na_targi-36x27.webp 36w, https:\/\/git.lukasiewicz.gov.pl\/wp-content\/uploads\/sites\/16\/2026\/09\/WeldTech_2026-wejscie_na_targi-48x36.webp 48w\" sizes=\"(max-width: 580px) 100vw, 580px\" \/>\t\t\t\t\t\t\t\t\t\t\t\t\t\t\t<\/div>\n\t\t\t\t<\/div>\n\t\t\t\t\t<\/div>\n\t\t<\/div>\n\t\t\t\t<div class=\"elementor-column elementor-col-50 elementor-inner-column elementor-element elementor-element-7f43398\" data-id=\"7f43398\" data-element_type=\"column\" data-e-type=\"column\">\n\t\t\t<div class=\"elementor-widget-wrap elementor-element-populated\">\n\t\t\t\t\t\t<div class=\"elementor-element elementor-element-5554e88 elementor-widget elementor-widget-text-editor\" data-id=\"5554e88\" data-element_type=\"widget\" data-e-type=\"widget\" data-widget_type=\"text-editor.default\">\n\t\t\t\t<div class=\"elementor-widget-container\">\n\t\t\t\t\t\t\t\t\t<p><strong>During WELD TECH 2026, \u0141ukasiewicz \u2013 GIT presented its research expertise, technologies and services supporting the development of modern industry. At booth E12, visitors could explore advanced welding solutions, the proprietary SW07 system for vibration stabilization of metal structures, and samples of welded joints. An important part of the Institute\u2019s presence was also a seminar dedicated to modern welding technologies and materials testing.   <\/strong><\/p>\t\t\t\t\t\t\t\t<\/div>\n\t\t\t\t<\/div>\n\t\t\t\t\t<\/div>\n\t\t<\/div>\n\t\t\t\t\t<\/div>\n\t\t<\/section>\n\t\t\t\t<section class=\"elementor-section elementor-inner-section elementor-element elementor-element-9249689 elementor-section-boxed elementor-section-height-default elementor-section-height-default\" data-id=\"9249689\" data-element_type=\"section\" data-e-type=\"section\">\n\t\t\t\t\t\t<div class=\"elementor-container elementor-column-gap-default\">\n\t\t\t\t\t<div class=\"elementor-column elementor-col-100 elementor-inner-column elementor-element elementor-element-603d892\" data-id=\"603d892\" data-element_type=\"column\" data-e-type=\"column\">\n\t\t\t<div class=\"elementor-widget-wrap elementor-element-populated\">\n\t\t\t\t\t\t<div class=\"elementor-element elementor-element-87a0f79 elementor-widget elementor-widget-text-editor\" data-id=\"87a0f79\" data-element_type=\"widget\" data-e-type=\"widget\" data-widget_type=\"text-editor.default\">\n\t\t\t\t<div class=\"elementor-widget-container\">\n\t\t\t\t\t\t\t\t\t<p>This year\u2019s WELD TECH 2026 provided an opportunity to showcase the broad range of \u0141ukasiewicz \u2013 GIT\u2019s expertise in welding, materials testing and technological solutions for industry.<\/p>\t\t\t\t\t\t\t\t<\/div>\n\t\t\t\t<\/div>\n\t\t\t\t\t<\/div>\n\t\t<\/div>\n\t\t\t\t\t<\/div>\n\t\t<\/section>\n\t\t\t\t<section class=\"elementor-section elementor-inner-section elementor-element elementor-element-325c6ea elementor-section-boxed elementor-section-height-default elementor-section-height-default\" data-id=\"325c6ea\" data-element_type=\"section\" data-e-type=\"section\">\n\t\t\t\t\t\t<div class=\"elementor-container elementor-column-gap-default\">\n\t\t\t\t\t<div class=\"elementor-column elementor-col-50 elementor-inner-column elementor-element elementor-element-213c99a\" data-id=\"213c99a\" data-element_type=\"column\" data-e-type=\"column\">\n\t\t\t<div class=\"elementor-widget-wrap elementor-element-populated\">\n\t\t\t\t\t\t<div class=\"elementor-element elementor-element-5835aaf elementor-widget elementor-widget-text-editor\" data-id=\"5835aaf\" data-element_type=\"widget\" data-e-type=\"widget\" data-widget_type=\"text-editor.default\">\n\t\t\t\t<div class=\"elementor-widget-container\">\n\t\t\t\t\t\t\t\t\t<p>At booth E12, visitors could learn more about the Institute\u2019s research and technology services, as well as selected solutions developed by \u0141ukasiewicz \u2013 GIT experts. The presentation included advanced welding technologies, the proprietary SW07 system for vibration stabilization of metal structures, and samples of welded joints, demonstrating the Institute\u2019s capabilities in research and the assessment of joint quality. <\/p>\t\t\t\t\t\t\t\t<\/div>\n\t\t\t\t<\/div>\n\t\t\t\t\t<\/div>\n\t\t<\/div>\n\t\t\t\t<div class=\"elementor-column elementor-col-50 elementor-inner-column elementor-element elementor-element-3f8c5d4\" data-id=\"3f8c5d4\" data-element_type=\"column\" data-e-type=\"column\">\n\t\t\t<div class=\"elementor-widget-wrap elementor-element-populated\">\n\t\t\t\t\t\t<div class=\"elementor-element elementor-element-ed3cb19 elementor-widget elementor-widget-image\" data-id=\"ed3cb19\" data-element_type=\"widget\" data-e-type=\"widget\" data-widget_type=\"image.default\">\n\t\t\t\t<div class=\"elementor-widget-container\">\n\t\t\t\t\t\t\t\t\t\t\t\t\t\t\t<img decoding=\"async\" width=\"580\" height=\"436\" src=\"https:\/\/git.lukasiewicz.gov.pl\/wp-content\/uploads\/sites\/16\/2026\/09\/WeldTech_2026-relacja-stoisko.webp\" class=\"attachment-large size-large wp-image-65037\" alt=\"The photograph shows a general view of the \u0141ukasiewicz \u2013 GIT stand at the WeldTech 2026 trade fair\" \/>\t\t\t\t\t\t\t\t\t\t\t\t\t\t\t<\/div>\n\t\t\t\t<\/div>\n\t\t\t\t\t<\/div>\n\t\t<\/div>\n\t\t\t\t\t<\/div>\n\t\t<\/section>\n\t\t\t\t<section class=\"elementor-section elementor-inner-section elementor-element elementor-element-652bdf4 elementor-section-boxed elementor-section-height-default elementor-section-height-default\" data-id=\"652bdf4\" data-element_type=\"section\" data-e-type=\"section\">\n\t\t\t\t\t\t<div class=\"elementor-container elementor-column-gap-default\">\n\t\t\t\t\t<div class=\"elementor-column elementor-col-25 elementor-inner-column elementor-element elementor-element-9afae23\" data-id=\"9afae23\" data-element_type=\"column\" data-e-type=\"column\">\n\t\t\t<div class=\"elementor-widget-wrap elementor-element-populated\">\n\t\t\t\t\t\t<div class=\"elementor-element elementor-element-87d39b1 elementor-widget elementor-widget-image\" data-id=\"87d39b1\" data-element_type=\"widget\" data-e-type=\"widget\" data-widget_type=\"image.default\">\n\t\t\t\t<div class=\"elementor-widget-container\">\n\t\t\t\t\t\t\t\t\t\t\t\t\t\t\t<img decoding=\"async\" width=\"580\" height=\"436\" src=\"https:\/\/git.lukasiewicz.gov.pl\/wp-content\/uploads\/sites\/16\/2026\/09\/WeldTech_2026-relacja-stoisko-eksponat-3.webp\" class=\"attachment-large size-large wp-image-65038\" alt=\"The photograph shows the exhibit \u2018FSW sample \u2013 aluminium-copper\u2019 at the \u0141ukasiewicz \u2013 GIT stand during the WeldTech 2026 trade fair\" srcset=\"https:\/\/git.lukasiewicz.gov.pl\/wp-content\/uploads\/sites\/16\/2026\/09\/WeldTech_2026-relacja-stoisko-eksponat-3.webp 1000w, https:\/\/git.lukasiewicz.gov.pl\/wp-content\/uploads\/sites\/16\/2026\/09\/WeldTech_2026-relacja-stoisko-eksponat-3-300x225.webp 300w, https:\/\/git.lukasiewicz.gov.pl\/wp-content\/uploads\/sites\/16\/2026\/09\/WeldTech_2026-relacja-stoisko-eksponat-3-768x577.webp 768w, https:\/\/git.lukasiewicz.gov.pl\/wp-content\/uploads\/sites\/16\/2026\/09\/WeldTech_2026-relacja-stoisko-eksponat-3-24x18.webp 24w, https:\/\/git.lukasiewicz.gov.pl\/wp-content\/uploads\/sites\/16\/2026\/09\/WeldTech_2026-relacja-stoisko-eksponat-3-36x27.webp 36w, https:\/\/git.lukasiewicz.gov.pl\/wp-content\/uploads\/sites\/16\/2026\/09\/WeldTech_2026-relacja-stoisko-eksponat-3-48x36.webp 48w\" sizes=\"(max-width: 580px) 100vw, 580px\" \/>\t\t\t\t\t\t\t\t\t\t\t\t\t\t\t<\/div>\n\t\t\t\t<\/div>\n\t\t\t\t\t<\/div>\n\t\t<\/div>\n\t\t\t\t<div class=\"elementor-column elementor-col-25 elementor-inner-column elementor-element elementor-element-cdd7e73\" data-id=\"cdd7e73\" data-element_type=\"column\" data-e-type=\"column\">\n\t\t\t<div class=\"elementor-widget-wrap elementor-element-populated\">\n\t\t\t\t\t\t<div class=\"elementor-element elementor-element-ff042b5 elementor-widget elementor-widget-image\" data-id=\"ff042b5\" data-element_type=\"widget\" data-e-type=\"widget\" data-widget_type=\"image.default\">\n\t\t\t\t<div class=\"elementor-widget-container\">\n\t\t\t\t\t\t\t\t\t\t\t\t\t\t\t<img loading=\"lazy\" decoding=\"async\" width=\"580\" height=\"436\" src=\"https:\/\/git.lukasiewicz.gov.pl\/wp-content\/uploads\/sites\/16\/2026\/09\/WeldTech_2026-relacja-stoisko-eksponat-1.webp\" class=\"attachment-large size-large wp-image-65039\" alt=\"The photograph shows the exhibit \u2018electron beam welding sample\u2019 at the \u0141ukasiewicz \u2013 GIT stand during the WeldTech 2026 trade fair\" \/>\t\t\t\t\t\t\t\t\t\t\t\t\t\t\t<\/div>\n\t\t\t\t<\/div>\n\t\t\t\t\t<\/div>\n\t\t<\/div>\n\t\t\t\t<div class=\"elementor-column elementor-col-25 elementor-inner-column elementor-element elementor-element-5ef6724\" data-id=\"5ef6724\" data-element_type=\"column\" data-e-type=\"column\">\n\t\t\t<div class=\"elementor-widget-wrap elementor-element-populated\">\n\t\t\t\t\t\t<div class=\"elementor-element elementor-element-fe7f44a elementor-widget elementor-widget-image\" data-id=\"fe7f44a\" data-element_type=\"widget\" data-e-type=\"widget\" data-widget_type=\"image.default\">\n\t\t\t\t<div class=\"elementor-widget-container\">\n\t\t\t\t\t\t\t\t\t\t\t\t\t\t\t<img loading=\"lazy\" decoding=\"async\" width=\"580\" height=\"436\" src=\"https:\/\/git.lukasiewicz.gov.pl\/wp-content\/uploads\/sites\/16\/2026\/09\/WeldTech_2026-relacja-stoisko-eksponat-2a.webp\" class=\"attachment-large size-large wp-image-65040\" alt=\"The photograph shows the \u2018SW07 system\u2019 exhibit at the \u0141ukasiewicz \u2013 GIT stand during the WeldTech 2026 trade fair\" srcset=\"https:\/\/git.lukasiewicz.gov.pl\/wp-content\/uploads\/sites\/16\/2026\/09\/WeldTech_2026-relacja-stoisko-eksponat-2a.webp 1000w, https:\/\/git.lukasiewicz.gov.pl\/wp-content\/uploads\/sites\/16\/2026\/09\/WeldTech_2026-relacja-stoisko-eksponat-2a-300x225.webp 300w, https:\/\/git.lukasiewicz.gov.pl\/wp-content\/uploads\/sites\/16\/2026\/09\/WeldTech_2026-relacja-stoisko-eksponat-2a-768x577.webp 768w, https:\/\/git.lukasiewicz.gov.pl\/wp-content\/uploads\/sites\/16\/2026\/09\/WeldTech_2026-relacja-stoisko-eksponat-2a-24x18.webp 24w, https:\/\/git.lukasiewicz.gov.pl\/wp-content\/uploads\/sites\/16\/2026\/09\/WeldTech_2026-relacja-stoisko-eksponat-2a-36x27.webp 36w, https:\/\/git.lukasiewicz.gov.pl\/wp-content\/uploads\/sites\/16\/2026\/09\/WeldTech_2026-relacja-stoisko-eksponat-2a-48x36.webp 48w\" sizes=\"(max-width: 580px) 100vw, 580px\" \/>\t\t\t\t\t\t\t\t\t\t\t\t\t\t\t<\/div>\n\t\t\t\t<\/div>\n\t\t\t\t\t<\/div>\n\t\t<\/div>\n\t\t\t\t<div class=\"elementor-column elementor-col-25 elementor-inner-column elementor-element elementor-element-f0a3e43\" data-id=\"f0a3e43\" data-element_type=\"column\" data-e-type=\"column\">\n\t\t\t<div class=\"elementor-widget-wrap elementor-element-populated\">\n\t\t\t\t\t\t<div class=\"elementor-element elementor-element-464324d elementor-widget elementor-widget-image\" data-id=\"464324d\" data-element_type=\"widget\" data-e-type=\"widget\" data-widget_type=\"image.default\">\n\t\t\t\t<div class=\"elementor-widget-container\">\n\t\t\t\t\t\t\t\t\t\t\t\t\t\t\t<img loading=\"lazy\" decoding=\"async\" width=\"580\" height=\"436\" src=\"https:\/\/git.lukasiewicz.gov.pl\/wp-content\/uploads\/sites\/16\/2026\/09\/WeldTech_2026-relacja-stoisko-eksponat-2.webp\" class=\"attachment-large size-large wp-image-65041\" alt=\"The photograph shows a close-up of the control panel of exhibit SW07 at the \u0141ukasiewicz \u2013 GIT stand during the WeldTech 2026 trade fair\" srcset=\"https:\/\/git.lukasiewicz.gov.pl\/wp-content\/uploads\/sites\/16\/2026\/09\/WeldTech_2026-relacja-stoisko-eksponat-2.webp 1000w, https:\/\/git.lukasiewicz.gov.pl\/wp-content\/uploads\/sites\/16\/2026\/09\/WeldTech_2026-relacja-stoisko-eksponat-2-300x225.webp 300w, https:\/\/git.lukasiewicz.gov.pl\/wp-content\/uploads\/sites\/16\/2026\/09\/WeldTech_2026-relacja-stoisko-eksponat-2-768x577.webp 768w, https:\/\/git.lukasiewicz.gov.pl\/wp-content\/uploads\/sites\/16\/2026\/09\/WeldTech_2026-relacja-stoisko-eksponat-2-24x18.webp 24w, https:\/\/git.lukasiewicz.gov.pl\/wp-content\/uploads\/sites\/16\/2026\/09\/WeldTech_2026-relacja-stoisko-eksponat-2-36x27.webp 36w, https:\/\/git.lukasiewicz.gov.pl\/wp-content\/uploads\/sites\/16\/2026\/09\/WeldTech_2026-relacja-stoisko-eksponat-2-48x36.webp 48w\" sizes=\"(max-width: 580px) 100vw, 580px\" \/>\t\t\t\t\t\t\t\t\t\t\t\t\t\t\t<\/div>\n\t\t\t\t<\/div>\n\t\t\t\t\t<\/div>\n\t\t<\/div>\n\t\t\t\t\t<\/div>\n\t\t<\/section>\n\t\t\t\t<section class=\"elementor-section elementor-inner-section elementor-element elementor-element-b4e9ba3 elementor-section-boxed elementor-section-height-default elementor-section-height-default\" data-id=\"b4e9ba3\" data-element_type=\"section\" data-e-type=\"section\">\n\t\t\t\t\t\t<div class=\"elementor-container elementor-column-gap-default\">\n\t\t\t\t\t<div class=\"elementor-column elementor-col-100 elementor-inner-column elementor-element elementor-element-0a93b5b\" data-id=\"0a93b5b\" data-element_type=\"column\" data-e-type=\"column\">\n\t\t\t<div class=\"elementor-widget-wrap elementor-element-populated\">\n\t\t\t\t\t\t<div class=\"elementor-element elementor-element-7414c05 elementor-widget elementor-widget-text-editor\" data-id=\"7414c05\" data-element_type=\"widget\" data-e-type=\"widget\" data-widget_type=\"text-editor.default\">\n\t\t\t\t<div class=\"elementor-widget-container\">\n\t\t\t\t\t\t\t\t\t<p><strong>An important part of \u0141ukasiewicz \u2013 GIT\u2019s presence was the seminar \u201cFrom Simulation to Practice: Modern Welding Technologies and Materials Testing\u201d.<\/strong> The programme covered topics ranging from welding process optimization to advanced joining technologies and materials testing methods.<\/p><p>Kamil Kubik, BEng, MSc, and Janusz Piku\u0142a, DEng, presented the use of FEM analysis for welding process optimization. Pawe\u0142 Pogorzelski, BEng, MSc, discussed electron beam welding technology in industrial applications, while Mateusz Rado\u0144, BEng, MSc, presented the potential of a fibre laser with two co-directional beams for industrial applications.     <\/p><p>The next presentation, delivered by Adam Termin, BEng, MSc, focused on the efficiency of mechanized PHW hybrid welding compared with mechanized MAG welding. Marcin Zurek, BEng, MSc, discussed selected standards and regulations concerning hard and soft brazing, while Iryna Balabanska, DEng,presented fracture mechanics and material resistance to fracture, including CTOD testing of structural materials.     <\/p>\t\t\t\t\t\t\t\t<\/div>\n\t\t\t\t<\/div>\n\t\t\t\t\t<\/div>\n\t\t<\/div>\n\t\t\t\t\t<\/div>\n\t\t<\/section>\n\t\t\t\t<section class=\"elementor-section elementor-inner-section elementor-element elementor-element-918621f elementor-section-boxed elementor-section-height-default elementor-section-height-default\" data-id=\"918621f\" data-element_type=\"section\" data-e-type=\"section\">\n\t\t\t\t\t\t<div class=\"elementor-container elementor-column-gap-default\">\n\t\t\t\t\t<div class=\"elementor-column elementor-col-33 elementor-inner-column elementor-element elementor-element-0577298\" data-id=\"0577298\" data-element_type=\"column\" data-e-type=\"column\">\n\t\t\t<div class=\"elementor-widget-wrap elementor-element-populated\">\n\t\t\t\t\t\t<div class=\"elementor-element elementor-element-879ec36 elementor-widget elementor-widget-image\" data-id=\"879ec36\" data-element_type=\"widget\" data-e-type=\"widget\" data-widget_type=\"image.default\">\n\t\t\t\t<div class=\"elementor-widget-container\">\n\t\t\t\t\t\t\t\t\t\t\t\t\t\t\t<img loading=\"lazy\" decoding=\"async\" width=\"580\" height=\"436\" src=\"https:\/\/git.lukasiewicz.gov.pl\/wp-content\/uploads\/sites\/16\/2026\/09\/WeldTech_2026-relacja-seminarium-K_Kubik.webp\" class=\"attachment-large size-large wp-image-65042\" alt=\"Kamil Kubik is giving a lecture at the \u0141ukasiewicz\u2013GIT seminar at the WELD TECH 2026 trade fair.\" \/>\t\t\t\t\t\t\t\t\t\t\t\t\t\t\t<\/div>\n\t\t\t\t<\/div>\n\t\t\t\t\t<\/div>\n\t\t<\/div>\n\t\t\t\t<div class=\"elementor-column elementor-col-33 elementor-inner-column elementor-element elementor-element-be91549\" data-id=\"be91549\" data-element_type=\"column\" data-e-type=\"column\">\n\t\t\t<div class=\"elementor-widget-wrap elementor-element-populated\">\n\t\t\t\t\t\t<div class=\"elementor-element elementor-element-fc81f53 elementor-widget elementor-widget-image\" data-id=\"fc81f53\" data-element_type=\"widget\" data-e-type=\"widget\" data-widget_type=\"image.default\">\n\t\t\t\t<div class=\"elementor-widget-container\">\n\t\t\t\t\t\t\t\t\t\t\t\t\t\t\t<img loading=\"lazy\" decoding=\"async\" width=\"580\" height=\"436\" src=\"https:\/\/git.lukasiewicz.gov.pl\/wp-content\/uploads\/sites\/16\/2026\/09\/WeldTech_2026-relacja-seminarium-P_Pogorzelski.webp\" class=\"attachment-large size-large wp-image-65043\" alt=\"Pawe\u0142 Pogorzelski is giving a lecture at the \u0141ukasiewicz\u2013GIT seminar at the WELD TECH 2026 trade fair.\" srcset=\"https:\/\/git.lukasiewicz.gov.pl\/wp-content\/uploads\/sites\/16\/2026\/09\/WeldTech_2026-relacja-seminarium-P_Pogorzelski.webp 1000w, https:\/\/git.lukasiewicz.gov.pl\/wp-content\/uploads\/sites\/16\/2026\/09\/WeldTech_2026-relacja-seminarium-P_Pogorzelski-300x225.webp 300w, https:\/\/git.lukasiewicz.gov.pl\/wp-content\/uploads\/sites\/16\/2026\/09\/WeldTech_2026-relacja-seminarium-P_Pogorzelski-768x577.webp 768w, https:\/\/git.lukasiewicz.gov.pl\/wp-content\/uploads\/sites\/16\/2026\/09\/WeldTech_2026-relacja-seminarium-P_Pogorzelski-24x18.webp 24w, https:\/\/git.lukasiewicz.gov.pl\/wp-content\/uploads\/sites\/16\/2026\/09\/WeldTech_2026-relacja-seminarium-P_Pogorzelski-36x27.webp 36w, https:\/\/git.lukasiewicz.gov.pl\/wp-content\/uploads\/sites\/16\/2026\/09\/WeldTech_2026-relacja-seminarium-P_Pogorzelski-48x36.webp 48w\" sizes=\"(max-width: 580px) 100vw, 580px\" \/>\t\t\t\t\t\t\t\t\t\t\t\t\t\t\t<\/div>\n\t\t\t\t<\/div>\n\t\t\t\t\t<\/div>\n\t\t<\/div>\n\t\t\t\t<div class=\"elementor-column elementor-col-33 elementor-inner-column elementor-element elementor-element-eb7e7c3\" data-id=\"eb7e7c3\" data-element_type=\"column\" data-e-type=\"column\">\n\t\t\t<div class=\"elementor-widget-wrap elementor-element-populated\">\n\t\t\t\t\t\t<div class=\"elementor-element elementor-element-4fc0f2d elementor-widget elementor-widget-image\" data-id=\"4fc0f2d\" data-element_type=\"widget\" data-e-type=\"widget\" data-widget_type=\"image.default\">\n\t\t\t\t<div class=\"elementor-widget-container\">\n\t\t\t\t\t\t\t\t\t\t\t\t\t\t\t<img loading=\"lazy\" decoding=\"async\" width=\"580\" height=\"436\" src=\"https:\/\/git.lukasiewicz.gov.pl\/wp-content\/uploads\/sites\/16\/2026\/09\/WeldTech_2026-relacja-seminarium-M_Radon.webp\" class=\"attachment-large size-large wp-image-65044\" alt=\"Mateusz Rado\u0144 is giving a lecture at the \u0141ukasiewicz\u2013GIT seminar at the WELD TECH 2026 trade fair.\" srcset=\"https:\/\/git.lukasiewicz.gov.pl\/wp-content\/uploads\/sites\/16\/2026\/09\/WeldTech_2026-relacja-seminarium-M_Radon.webp 1000w, https:\/\/git.lukasiewicz.gov.pl\/wp-content\/uploads\/sites\/16\/2026\/09\/WeldTech_2026-relacja-seminarium-M_Radon-300x225.webp 300w, https:\/\/git.lukasiewicz.gov.pl\/wp-content\/uploads\/sites\/16\/2026\/09\/WeldTech_2026-relacja-seminarium-M_Radon-768x577.webp 768w, https:\/\/git.lukasiewicz.gov.pl\/wp-content\/uploads\/sites\/16\/2026\/09\/WeldTech_2026-relacja-seminarium-M_Radon-24x18.webp 24w, https:\/\/git.lukasiewicz.gov.pl\/wp-content\/uploads\/sites\/16\/2026\/09\/WeldTech_2026-relacja-seminarium-M_Radon-36x27.webp 36w, https:\/\/git.lukasiewicz.gov.pl\/wp-content\/uploads\/sites\/16\/2026\/09\/WeldTech_2026-relacja-seminarium-M_Radon-48x36.webp 48w\" sizes=\"(max-width: 580px) 100vw, 580px\" \/>\t\t\t\t\t\t\t\t\t\t\t\t\t\t\t<\/div>\n\t\t\t\t<\/div>\n\t\t\t\t\t<\/div>\n\t\t<\/div>\n\t\t\t\t\t<\/div>\n\t\t<\/section>\n\t\t\t\t<section class=\"elementor-section elementor-inner-section elementor-element elementor-element-f7c2ac9 elementor-section-boxed elementor-section-height-default elementor-section-height-default\" data-id=\"f7c2ac9\" data-element_type=\"section\" data-e-type=\"section\">\n\t\t\t\t\t\t<div class=\"elementor-container elementor-column-gap-default\">\n\t\t\t\t\t<div class=\"elementor-column elementor-col-25 elementor-inner-column elementor-element elementor-element-7579df9\" data-id=\"7579df9\" data-element_type=\"column\" data-e-type=\"column\">\n\t\t\t<div class=\"elementor-widget-wrap elementor-element-populated\">\n\t\t\t\t\t\t<div class=\"elementor-element elementor-element-2967ebf elementor-widget elementor-widget-image\" data-id=\"2967ebf\" data-element_type=\"widget\" data-e-type=\"widget\" data-widget_type=\"image.default\">\n\t\t\t\t<div class=\"elementor-widget-container\">\n\t\t\t\t\t\t\t\t\t\t\t\t\t\t\t<img loading=\"lazy\" decoding=\"async\" width=\"580\" height=\"436\" src=\"https:\/\/git.lukasiewicz.gov.pl\/wp-content\/uploads\/sites\/16\/2026\/09\/WeldTech_2026-relacja-seminarium-A_Termin.webp\" class=\"attachment-large size-large wp-image-65045\" alt=\"Adam Termin is giving a lecture at the \u0141ukasiewicz\u2013GIT seminar at the WELD TECH 2026 trade fair.\" srcset=\"https:\/\/git.lukasiewicz.gov.pl\/wp-content\/uploads\/sites\/16\/2026\/09\/WeldTech_2026-relacja-seminarium-A_Termin.webp 1000w, https:\/\/git.lukasiewicz.gov.pl\/wp-content\/uploads\/sites\/16\/2026\/09\/WeldTech_2026-relacja-seminarium-A_Termin-300x225.webp 300w, https:\/\/git.lukasiewicz.gov.pl\/wp-content\/uploads\/sites\/16\/2026\/09\/WeldTech_2026-relacja-seminarium-A_Termin-768x577.webp 768w, https:\/\/git.lukasiewicz.gov.pl\/wp-content\/uploads\/sites\/16\/2026\/09\/WeldTech_2026-relacja-seminarium-A_Termin-24x18.webp 24w, https:\/\/git.lukasiewicz.gov.pl\/wp-content\/uploads\/sites\/16\/2026\/09\/WeldTech_2026-relacja-seminarium-A_Termin-36x27.webp 36w, https:\/\/git.lukasiewicz.gov.pl\/wp-content\/uploads\/sites\/16\/2026\/09\/WeldTech_2026-relacja-seminarium-A_Termin-48x36.webp 48w\" sizes=\"(max-width: 580px) 100vw, 580px\" \/>\t\t\t\t\t\t\t\t\t\t\t\t\t\t\t<\/div>\n\t\t\t\t<\/div>\n\t\t\t\t\t<\/div>\n\t\t<\/div>\n\t\t\t\t<div class=\"elementor-column elementor-col-25 elementor-inner-column elementor-element elementor-element-ff5c01c\" data-id=\"ff5c01c\" data-element_type=\"column\" data-e-type=\"column\">\n\t\t\t<div class=\"elementor-widget-wrap elementor-element-populated\">\n\t\t\t\t\t\t<div class=\"elementor-element elementor-element-fae6a72 elementor-widget elementor-widget-image\" data-id=\"fae6a72\" data-element_type=\"widget\" data-e-type=\"widget\" data-widget_type=\"image.default\">\n\t\t\t\t<div class=\"elementor-widget-container\">\n\t\t\t\t\t\t\t\t\t\t\t\t\t\t\t<img loading=\"lazy\" decoding=\"async\" width=\"580\" height=\"436\" src=\"https:\/\/git.lukasiewicz.gov.pl\/wp-content\/uploads\/sites\/16\/2026\/09\/WeldTech_2026-relacja-seminarium-I_Balabanska.webp\" class=\"attachment-large size-large wp-image-65046\" alt=\"Iryna Balabanska gives a lecture at the \u0141ukasiewicz\u2013GIT seminar at the WELD TECH 2026 trade fair.\" srcset=\"https:\/\/git.lukasiewicz.gov.pl\/wp-content\/uploads\/sites\/16\/2026\/09\/WeldTech_2026-relacja-seminarium-I_Balabanska.webp 1000w, https:\/\/git.lukasiewicz.gov.pl\/wp-content\/uploads\/sites\/16\/2026\/09\/WeldTech_2026-relacja-seminarium-I_Balabanska-300x225.webp 300w, https:\/\/git.lukasiewicz.gov.pl\/wp-content\/uploads\/sites\/16\/2026\/09\/WeldTech_2026-relacja-seminarium-I_Balabanska-768x577.webp 768w, https:\/\/git.lukasiewicz.gov.pl\/wp-content\/uploads\/sites\/16\/2026\/09\/WeldTech_2026-relacja-seminarium-I_Balabanska-24x18.webp 24w, https:\/\/git.lukasiewicz.gov.pl\/wp-content\/uploads\/sites\/16\/2026\/09\/WeldTech_2026-relacja-seminarium-I_Balabanska-36x27.webp 36w, https:\/\/git.lukasiewicz.gov.pl\/wp-content\/uploads\/sites\/16\/2026\/09\/WeldTech_2026-relacja-seminarium-I_Balabanska-48x36.webp 48w\" sizes=\"(max-width: 580px) 100vw, 580px\" \/>\t\t\t\t\t\t\t\t\t\t\t\t\t\t\t<\/div>\n\t\t\t\t<\/div>\n\t\t\t\t\t<\/div>\n\t\t<\/div>\n\t\t\t\t<div class=\"elementor-column elementor-col-25 elementor-inner-column elementor-element elementor-element-7644440\" data-id=\"7644440\" data-element_type=\"column\" data-e-type=\"column\">\n\t\t\t<div class=\"elementor-widget-wrap elementor-element-populated\">\n\t\t\t\t\t\t<div class=\"elementor-element elementor-element-40e2678 elementor-widget elementor-widget-image\" data-id=\"40e2678\" data-element_type=\"widget\" data-e-type=\"widget\" data-widget_type=\"image.default\">\n\t\t\t\t<div class=\"elementor-widget-container\">\n\t\t\t\t\t\t\t\t\t\t\t\t\t\t\t<img loading=\"lazy\" decoding=\"async\" width=\"580\" height=\"436\" src=\"https:\/\/git.lukasiewicz.gov.pl\/wp-content\/uploads\/sites\/16\/2026\/09\/WeldTech_2026-relacja-seminarium-M_Zurek.webp\" class=\"attachment-large size-large wp-image-65047\" alt=\"Marcin Zurek is giving a lecture at the \u0141ukasiewicz\u2013GIT seminar at the WELD TECH 2026 trade fair.\" srcset=\"https:\/\/git.lukasiewicz.gov.pl\/wp-content\/uploads\/sites\/16\/2026\/09\/WeldTech_2026-relacja-seminarium-M_Zurek.webp 1000w, https:\/\/git.lukasiewicz.gov.pl\/wp-content\/uploads\/sites\/16\/2026\/09\/WeldTech_2026-relacja-seminarium-M_Zurek-300x225.webp 300w, https:\/\/git.lukasiewicz.gov.pl\/wp-content\/uploads\/sites\/16\/2026\/09\/WeldTech_2026-relacja-seminarium-M_Zurek-768x577.webp 768w, https:\/\/git.lukasiewicz.gov.pl\/wp-content\/uploads\/sites\/16\/2026\/09\/WeldTech_2026-relacja-seminarium-M_Zurek-24x18.webp 24w, https:\/\/git.lukasiewicz.gov.pl\/wp-content\/uploads\/sites\/16\/2026\/09\/WeldTech_2026-relacja-seminarium-M_Zurek-36x27.webp 36w, https:\/\/git.lukasiewicz.gov.pl\/wp-content\/uploads\/sites\/16\/2026\/09\/WeldTech_2026-relacja-seminarium-M_Zurek-48x36.webp 48w\" sizes=\"(max-width: 580px) 100vw, 580px\" \/>\t\t\t\t\t\t\t\t\t\t\t\t\t\t\t<\/div>\n\t\t\t\t<\/div>\n\t\t\t\t\t<\/div>\n\t\t<\/div>\n\t\t\t\t<div class=\"elementor-column elementor-col-25 elementor-inner-column elementor-element elementor-element-d1846b6\" data-id=\"d1846b6\" data-element_type=\"column\" data-e-type=\"column\">\n\t\t\t<div class=\"elementor-widget-wrap elementor-element-populated\">\n\t\t\t\t\t\t<div class=\"elementor-element elementor-element-b8f8830 elementor-widget elementor-widget-image\" data-id=\"b8f8830\" data-element_type=\"widget\" data-e-type=\"widget\" data-widget_type=\"image.default\">\n\t\t\t\t<div class=\"elementor-widget-container\">\n\t\t\t\t\t\t\t\t\t\t\t\t\t\t\t<img loading=\"lazy\" decoding=\"async\" width=\"580\" height=\"436\" src=\"https:\/\/git.lukasiewicz.gov.pl\/wp-content\/uploads\/sites\/16\/2026\/09\/WeldTech_2026-relacja-seminarium-uczestnicy.webp\" class=\"attachment-large size-large wp-image-65048\" alt=\"The photograph shows participants at the \u0141ukasiewicz\u2013Git seminar during the WeldTech 2026 trade fair\" srcset=\"https:\/\/git.lukasiewicz.gov.pl\/wp-content\/uploads\/sites\/16\/2026\/09\/WeldTech_2026-relacja-seminarium-uczestnicy.webp 1000w, https:\/\/git.lukasiewicz.gov.pl\/wp-content\/uploads\/sites\/16\/2026\/09\/WeldTech_2026-relacja-seminarium-uczestnicy-300x225.webp 300w, https:\/\/git.lukasiewicz.gov.pl\/wp-content\/uploads\/sites\/16\/2026\/09\/WeldTech_2026-relacja-seminarium-uczestnicy-768x577.webp 768w, https:\/\/git.lukasiewicz.gov.pl\/wp-content\/uploads\/sites\/16\/2026\/09\/WeldTech_2026-relacja-seminarium-uczestnicy-24x18.webp 24w, https:\/\/git.lukasiewicz.gov.pl\/wp-content\/uploads\/sites\/16\/2026\/09\/WeldTech_2026-relacja-seminarium-uczestnicy-36x27.webp 36w, https:\/\/git.lukasiewicz.gov.pl\/wp-content\/uploads\/sites\/16\/2026\/09\/WeldTech_2026-relacja-seminarium-uczestnicy-48x36.webp 48w\" sizes=\"(max-width: 580px) 100vw, 580px\" \/>\t\t\t\t\t\t\t\t\t\t\t\t\t\t\t<\/div>\n\t\t\t\t<\/div>\n\t\t\t\t\t<\/div>\n\t\t<\/div>\n\t\t\t\t\t<\/div>\n\t\t<\/section>\n\t\t\t\t<section class=\"elementor-section elementor-inner-section elementor-element elementor-element-91d7598 elementor-section-boxed elementor-section-height-default elementor-section-height-default\" data-id=\"91d7598\" data-element_type=\"section\" data-e-type=\"section\">\n\t\t\t\t\t\t<div class=\"elementor-container elementor-column-gap-default\">\n\t\t\t\t\t<div class=\"elementor-column elementor-col-100 elementor-inner-column elementor-element elementor-element-a265c67\" data-id=\"a265c67\" data-element_type=\"column\" data-e-type=\"column\">\n\t\t\t<div class=\"elementor-widget-wrap elementor-element-populated\">\n\t\t\t\t\t\t<div class=\"elementor-element elementor-element-d2b2a8c elementor-widget elementor-widget-text-editor\" data-id=\"d2b2a8c\" data-element_type=\"widget\" data-e-type=\"widget\" data-widget_type=\"text-editor.default\">\n\t\t\t\t<div class=\"elementor-widget-container\">\n\t\t\t\t\t\t\t\t\t<p>The seminar highlighted the broad scope of \u0141ukasiewicz \u2013 GIT\u2019s research activities \u2014 from process simulation and optimization, through advanced joining technologies, to the testing of material properties and durability. What connected all these topics was their practical relevance to the development and improvement of industrial processes. <\/p><p>Participation in WELD TECH 2026 also provided an opportunity to meet representatives of industry, exchange experience and discuss potential cooperation with \u0141ukasiewicz \u2013 GIT. Direct dialogue with industry helps identify technological needs and jointly develop solutions tailored to specific challenges. <\/p>\t\t\t\t\t\t\t\t<\/div>\n\t\t\t\t<\/div>\n\t\t\t\t\t<\/div>\n\t\t<\/div>\n\t\t\t\t\t<\/div>\n\t\t<\/section>\n\t\t\t\t\t<\/div>\n\t\t<\/div>\n\t\t\t\t\t<\/div>\n\t\t<\/section>\n\t\t\t\t<\/div>\n\t\t","protected":false},"excerpt":{"rendered":"<p>At WELD TECH 2026, \u0141ukasiewicz \u2013 GIT showcased both technological solutions for industry and its expertise in the fields of welding and materials research.<\/p>\n","protected":false},"author":66,"featured_media":65049,"comment_status":"closed","ping_status":"closed","sticky":false,"template":"","format":"standard","meta":{"_acf_changed":false,"_seopress_titles_title":"\u0141ukasiewicz \u2013 GIT at WELD TECH 2026. Event report","_seopress_titles_desc":"Welding technologies, materials research and the \u0141ukasiewicz\u2013GIT expert seminar. Read our report on the WELD TECH 2026 trade fair.","_seopress_robots_index":"","_seopress_robots_follow":"","_seopress_robots_imageindex":"","_seopress_robots_snippet":"","_seopress_robots_primary_cat":"","_seopress_robots_breadcrumbs":"","_seopress_robots_freeze_modified_date":"","_seopress_robots_custom_modified_date":"","_seopress_robots_canonical":"","_seopress_social_fb_title":"","_seopress_social_fb_desc":"","_seopress_social_fb_img":"","_seopress_social_fb_img_attachment_id":0,"_seopress_social_fb_img_width":0,"_seopress_social_fb_img_height":0,"_seopress_social_twitter_title":"","_seopress_social_twitter_desc":"","_seopress_social_twitter_img":"","_seopress_social_twitter_img_attachment_id":0,"_seopress_social_twitter_img_width":0,"_seopress_social_twitter_img_height":0,"_seopress_redirections_value":"","_seopress_redirections_enabled":"","_seopress_redirections_enabled_regex":"","_seopress_redirections_logged_status":"","_seopress_redirections_param":"","_seopress_redirections_type":0,"_seopress_analysis_target_kw":"WELD TECH 2026,welding,welding technologies,materials research,\u0141ukasiewicz GIT,welding seminar,industry,electron beam welding,FEM analysis,FSW","inline_featured_image":false,"_price":"","_stock":"","_tribe_ticket_header":"","_tribe_default_ticket_provider":"","_tribe_ticket_capacity":"","_ticket_start_date":"","_ticket_end_date":"","_tribe_ticket_show_description":"","_tribe_ticket_show_not_going":false,"_tribe_ticket_use_global_stock":"","_tribe_ticket_global_stock_level":"","_global_stock_mode":"","_global_stock_cap":"","_tribe_rsvp_for_event":"","_tribe_ticket_going_count":"","_tribe_ticket_not_going_count":"","_tribe_tickets_list":"[]","_tribe_ticket_has_attendee_info_fields":false,"footnotes":""},"categories":[122,131],"tags":[],"class_list":["post-65050","post","type-post","status-publish","format-standard","has-post-thumbnail","hentry","category-events","category-news"],"acf":{"czas_czytania":"3","wyroznij":null,"data_rozpoczecia_wydarzenia":"2026-09-01 10:00:00","lokalizacja_wydarzenia":"Warsaw"},"publishpress_future_action":{"enabled":false,"date":"2026-09-11 22:15:10","action":"change-status","newStatus":"draft","terms":[],"taxonomy":"category","extraData":[]},"publishpress_future_workflow_manual_trigger":{"enabledWorkflows":[]},"_links":{"self":[{"href":"https:\/\/git.lukasiewicz.gov.pl\/en\/wp-json\/wp\/v2\/posts\/65050","targetHints":{"allow":["GET"]}}],"collection":[{"href":"https:\/\/git.lukasiewicz.gov.pl\/en\/wp-json\/wp\/v2\/posts"}],"about":[{"href":"https:\/\/git.lukasiewicz.gov.pl\/en\/wp-json\/wp\/v2\/types\/post"}],"author":[{"embeddable":true,"href":"https:\/\/git.lukasiewicz.gov.pl\/en\/wp-json\/wp\/v2\/users\/66"}],"replies":[{"embeddable":true,"href":"https:\/\/git.lukasiewicz.gov.pl\/en\/wp-json\/wp\/v2\/comments?post=65050"}],"version-history":[{"count":1,"href":"https:\/\/git.lukasiewicz.gov.pl\/en\/wp-json\/wp\/v2\/posts\/65050\/revisions"}],"predecessor-version":[{"id":65051,"href":"https:\/\/git.lukasiewicz.gov.pl\/en\/wp-json\/wp\/v2\/posts\/65050\/revisions\/65051"}],"wp:featuredmedia":[{"embeddable":true,"href":"https:\/\/git.lukasiewicz.gov.pl\/en\/wp-json\/wp\/v2\/media\/65049"}],"wp:attachment":[{"href":"https:\/\/git.lukasiewicz.gov.pl\/en\/wp-json\/wp\/v2\/media?parent=65050"}],"wp:term":[{"taxonomy":"category","embeddable":true,"href":"https:\/\/git.lukasiewicz.gov.pl\/en\/wp-json\/wp\/v2\/categories?post=65050"},{"taxonomy":"post_tag","embeddable":true,"href":"https:\/\/git.lukasiewicz.gov.pl\/en\/wp-json\/wp\/v2\/tags?post=65050"}],"curies":[{"name":"wp","href":"https:\/\/api.w.org\/{rel}","templated":true}]}}